{"id":531,"date":"2017-10-20T13:52:13","date_gmt":"2017-10-20T11:52:13","guid":{"rendered":"http:\/\/landespflege-freiburg.de\/?p=531"},"modified":"2017-10-24T17:36:03","modified_gmt":"2017-10-24T15:36:03","slug":"baumhoehlenbewohner-und-ihre-fressfeinde","status":"publish","type":"post","link":"https:\/\/landespflege-freiburg.de\/en\/baumhoehlenbewohner-und-ihre-fressfeinde\/","title":{"rendered":"Depredation risk at tree cavities"},"content":{"rendered":"<p>Are Black Woodpecker (Dryocopus martius) tree cavities an answer to depredation risk? A new study underlines the importance of old beech forest habitats concerning biodiversity<\/p>\n<p class=\"translation-block\">Researchers of the University of Applied Sciences Weihenstephan and Landespflege Freiburg jointly published the results of a new study on depredation risk of cavity breeders in temperate beech forests:<\/p>\n<p class=\"translation-block\">Zahner, V., R. Bauer, and T. A. M. Kaphegyi. 2017. Are Black Woodpecker (Dryocopus martius) tree cavities in temperate Beech (Fagus sylvatica) forests an answer to depredation risk? Journal of Ornithology: 158 (4), 1073-1079.  DOI 10.1007\/s10336-017-1467-2<\/p>\n<p>Find the article at: \u00a0<a href=\"http:\/\/link.springer.com\/article\/10.1007\/s10336-017-1467-2\">http:\/\/link.springer.com\/article\/10.1007\/s10336-017-1467-2<\/a><\/p>\n<p>email to the authors: thomas.kaphegyi(at)landespflege-freiburg.de<\/p>\n<figure id=\"attachment_533\" aria-describedby=\"caption-attachment-533\" style=\"width: 300px\" class=\"wp-caption alignnone\"><img fetchpriority=\"high\" decoding=\"async\" class=\"size-medium wp-image-533\" src=\"https:\/\/landespflege-freiburg.de\/wp-content\/uploads\/2017\/10\/Habichte-300x202.png\" alt=\"Habicht an Schwarzspechth\u00f6hle\" width=\"300\" height=\"202\" srcset=\"https:\/\/landespflege-freiburg.de\/wp-content\/uploads\/2017\/10\/Habichte-300x202.png 300w, https:\/\/landespflege-freiburg.de\/wp-content\/uploads\/2017\/10\/Habichte-768x518.png 768w, https:\/\/landespflege-freiburg.de\/wp-content\/uploads\/2017\/10\/Habichte-1024x691.png 1024w, https:\/\/landespflege-freiburg.de\/wp-content\/uploads\/2017\/10\/Habichte-500x337.png 500w, https:\/\/landespflege-freiburg.de\/wp-content\/uploads\/2017\/10\/Habichte-100x67.png 100w, https:\/\/landespflege-freiburg.de\/wp-content\/uploads\/2017\/10\/Habichte-1056x713.png 1056w, https:\/\/landespflege-freiburg.de\/wp-content\/uploads\/2017\/10\/Habichte.png 1430w\" sizes=\"(max-width: 300px) 100vw, 300px\" \/><figcaption id=\"caption-attachment-533\" class=\"wp-caption-text\">goshhawk at tree cavities<\/figcaption><\/figure>","protected":false},"excerpt":{"rendered":"<p>Baumh\u00f6hlenbewohner und ihre Fressfeinde \u2013Eine neue Untersuchung best\u00e4tigt: Alte Buchenw\u00e4lder sind ein wichtiger Lebensraum f\u00fcr H\u00f6hlenbr\u00fcter der n\u00f6rdlichen gem\u00e4\u00dfigten Zone. Wissenschaftler der Hochschule Weihenstephan-Triesdorf und der Landespflege Freiburg ver\u00f6ffentlichen gemeinsam im Journal of Ornithology\u00a0 die Ergebnisse einer neuen, von der Deutschen Bundesstiftung Umwelt (DBU) gef\u00f6rderten Studie zum Pr\u00e4dationsdruck auf Bewohner von Schwarzspechth\u00f6hlen in Buchenw\u00e4ldern: Zahner, [&hellip;]<\/p>\n","protected":false},"author":2,"featured_media":533,"comment_status":"closed","ping_status":"closed","sticky":false,"template":"","format":"standard","meta":{"footnotes":""},"categories":[24,34],"tags":[],"class_list":["post-531","post","type-post","status-publish","format-standard","has-post-thumbnail","hentry","category-allgemein-de","category-startseite"],"_links":{"self":[{"href":"https:\/\/landespflege-freiburg.de\/en\/wp-json\/wp\/v2\/posts\/531","targetHints":{"allow":["GET"]}}],"collection":[{"href":"https:\/\/landespflege-freiburg.de\/en\/wp-json\/wp\/v2\/posts"}],"about":[{"href":"https:\/\/landespflege-freiburg.de\/en\/wp-json\/wp\/v2\/types\/post"}],"author":[{"embeddable":true,"href":"https:\/\/landespflege-freiburg.de\/en\/wp-json\/wp\/v2\/users\/2"}],"replies":[{"embeddable":true,"href":"https:\/\/landespflege-freiburg.de\/en\/wp-json\/wp\/v2\/comments?post=531"}],"version-history":[{"count":4,"href":"https:\/\/landespflege-freiburg.de\/en\/wp-json\/wp\/v2\/posts\/531\/revisions"}],"predecessor-version":[{"id":544,"href":"https:\/\/landespflege-freiburg.de\/en\/wp-json\/wp\/v2\/posts\/531\/revisions\/544"}],"wp:featuredmedia":[{"embeddable":true,"href":"https:\/\/landespflege-freiburg.de\/en\/wp-json\/wp\/v2\/media\/533"}],"wp:attachment":[{"href":"https:\/\/landespflege-freiburg.de\/en\/wp-json\/wp\/v2\/media?parent=531"}],"wp:term":[{"taxonomy":"category","embeddable":true,"href":"https:\/\/landespflege-freiburg.de\/en\/wp-json\/wp\/v2\/categories?post=531"},{"taxonomy":"post_tag","embeddable":true,"href":"https:\/\/landespflege-freiburg.de\/en\/wp-json\/wp\/v2\/tags?post=531"}],"curies":[{"name":"wp","href":"https:\/\/api.w.org\/{rel}","templated":true}]}}